{"id":967,"date":"2018-06-08T11:28:14","date_gmt":"2018-06-08T09:28:14","guid":{"rendered":"http:\/\/en.ifsa.pl\/?p=967"},"modified":"2018-06-08T12:04:43","modified_gmt":"2018-06-08T10:04:43","slug":"publikacja-ogloszenia-w-msig-zwiazana-z-podjeta-uchwala-przez-walne-zgromadzenie-akcjonariuszy-dotyczaca-przeniesienia-statutowej-siedziby-spolki","status":"publish","type":"post","link":"https:\/\/en.ifsa.pl\/?p=967","title":{"rendered":"Publikacja og\u0142oszenia w MSiG zwi\u0105zana z podj\u0119t\u0105 Uchwa\u0142\u0105 przez Walne Zgromadzenie Akcjonariuszy dotycz\u0105c\u0105 przeniesienia statutowej siedziby Sp\u00f3\u0142ki"},"content":{"rendered":"<p>Current report 36\/2018<\/p>\n<p>Zarz\u0105d Investment Friends SE z siedzib\u0105 w P\u0142ocku informuje, \u017ce w dniu 08.06.2018r. Emitent powzi\u0105\u0142 wiedz\u0119, i\u017c w dniu 08.06.2018r. w Monitorze S\u0105dowym i Gospodarczym nr 110 _5498_ pod Poz. 24654, ukaza\u0142o si\u0119 og\u0142oszenie Emitenta w ramach procedury planu przeniesienia statutowej siedziby Sp\u00f3\u0142ki, na podstawie art. 8 ust 2 i nast. Rozporz\u0105dzenia Rady _WE_ nr 2157\/2001 w sprawie statutu sp\u00f3\u0142ki europejskiej _Rozporz\u0105dzenie SE_, zwi\u0105zane z podj\u0119t\u0105 Uchwa\u0142\u0105 przez Zwyczajne Walne Zgromadzenie Akcjonariuszy dotycz\u0105c\u0105 przedmiotowego przeniesienia Statutowej siedziby Emitenta.<\/p>\n<p>Legal basis<br \/>\nArt. 56 ust. 1 pkt 2 Ustawy o ofercie &#8211; informacje bie\u017c\u0105ce i okresowe<\/p>\n<p>A person representing the Company:<br \/>\nAgnieszka Gujgo, President of the Management Board<\/p>\n","protected":false},"excerpt":{"rendered":"<p>Current report 36\/2018 Zarz\u0105d Investment Friends SE z siedzib\u0105 w P\u0142ocku informuje, \u017ce w dniu 08.06.2018r. Emitent powzi\u0105\u0142 wiedz\u0119, i\u017c w dniu 08.06.2018r. w Monitorze S\u0105dowym i Gospodarczym nr 110 _5498_ pod Poz. 24654, ukaza\u0142o si\u0119 og\u0142oszenie Emitenta w ramach procedury planu przeniesienia statutowej siedziby Sp\u00f3\u0142ki, na podstawie art. 8 [&hellip;]<\/p>\n","protected":false},"author":1,"featured_media":0,"comment_status":"closed","ping_status":"closed","sticky":false,"template":"","format":"standard","meta":{"footnotes":""},"categories":[2],"tags":[],"class_list":["post-967","post","type-post","status-publish","format-standard","hentry","category-rb"],"_links":{"self":[{"href":"https:\/\/en.ifsa.pl\/index.php?rest_route=\/wp\/v2\/posts\/967","targetHints":{"allow":["GET"]}}],"collection":[{"href":"https:\/\/en.ifsa.pl\/index.php?rest_route=\/wp\/v2\/posts"}],"about":[{"href":"https:\/\/en.ifsa.pl\/index.php?rest_route=\/wp\/v2\/types\/post"}],"author":[{"embeddable":true,"href":"https:\/\/en.ifsa.pl\/index.php?rest_route=\/wp\/v2\/users\/1"}],"replies":[{"embeddable":true,"href":"https:\/\/en.ifsa.pl\/index.php?rest_route=%2Fwp%2Fv2%2Fcomments&post=967"}],"version-history":[{"count":2,"href":"https:\/\/en.ifsa.pl\/index.php?rest_route=\/wp\/v2\/posts\/967\/revisions"}],"predecessor-version":[{"id":969,"href":"https:\/\/en.ifsa.pl\/index.php?rest_route=\/wp\/v2\/posts\/967\/revisions\/969"}],"wp:attachment":[{"href":"https:\/\/en.ifsa.pl\/index.php?rest_route=%2Fwp%2Fv2%2Fmedia&parent=967"}],"wp:term":[{"taxonomy":"category","embeddable":true,"href":"https:\/\/en.ifsa.pl\/index.php?rest_route=%2Fwp%2Fv2%2Fcategories&post=967"},{"taxonomy":"post_tag","embeddable":true,"href":"https:\/\/en.ifsa.pl\/index.php?rest_route=%2Fwp%2Fv2%2Ftags&post=967"}],"curies":[{"name":"wp","href":"https:\/\/api.w.org\/{rel}","templated":true}]}}