{"id":718,"date":"2017-08-25T20:06:36","date_gmt":"2017-08-25T18:06:36","guid":{"rendered":"http:\/\/en.ifsa.pl\/?p=718"},"modified":"2017-08-28T12:12:03","modified_gmt":"2017-08-28T10:12:03","slug":"uchwala-zarzadu-gpw-w-sprawie-zawieszenia-obrotu-akcjami-emitenta-w-zwiazku-z-procedura-scalenia-akcji","status":"publish","type":"post","link":"https:\/\/en.ifsa.pl\/?p=718","title":{"rendered":"Uchwa\u0142a Zarz\u0105du GPW w sprawie zawieszenia obrotu akcjami emitenta w zwi\u0105zku z procedur\u0105 scalenia akcji"},"content":{"rendered":"<p>Current report 57\/2017<\/p>\n<p>Zarz\u0105d Investment Friends S.A. z siedzib\u0105 w P\u0142ocku informuje, \u017ce w dniu 25.08.2017 r. Zarz\u0105d Gie\u0142dy Papier\u00f3w Warto\u015bciowych w Warszawie S.A. na wniosek Emitenta podj\u0105\u0142 uchwa\u0142\u0119 nr 983\/2017 w sprawie zawieszenia na G\u0142\u00f3wnym Rynku GPW obrotu akcjami Sp\u00f3\u0142ki, w zwi\u0105zku z procedur\u0105 scalenia akcji. Emitent informuje, \u017ce procedura scalenia akcji Sp\u00f3\u0142ki zosta\u0142a wszcz\u0119ta przez Zarz\u0105d w zwi\u0105zku z tre\u015bci\u0105 uchwa\u0142y Nadzwyczajnego Walnego Zgromadzenia z dnia 12.07.2017 r.<br \/>\nZawieszenie obrotu akcjami Sp\u00f3\u0142ki nast\u0105pi w okresie od dnia 1.09.2017 r. do dnia 13.09.2017 r. w\u0142\u0105cznie.<br \/>\nWobec powy\u017cszego Zarz\u0105d Emitenta informuje, \u017ce: 1_ zlecenia maklerskie na akcje Emitenta przekazane na gie\u0142d\u0119 a nie zrealizowane do dnia 31.08.2017 r. _w\u0142\u0105cznie_ trac\u0105 wa\u017cno\u015b\u0107 po zako\u0144czeniu sesji gie\u0142dowej tego dnia, oraz 2_ w okresie zawieszenia obrotu akcjami Sp\u00f3\u0142ki zlecenia maklerskie na akcje Sp\u00f3\u0142ki nie b\u0119d\u0105 przyjmowane.<br \/>\nZarz\u0105d Emitenta w za\u0142\u0105czeniu do niniejszego raportu przekazuje pe\u0142n\u0105 tre\u015b\u0107 uchwa\u0142y Zarz\u0105du GPW w Warszawie S.A. nr 983\/2017 z dnia 25.08.2017 r.<\/p>\n<p>Za\u0142\u0105cznik:<\/p>\n<ul>\n<li><a href=\"http:\/\/en.ifsa.pl\/wp-content\/uploads\/2017\/08\/Uchwala_Nr_983.pdf\">Uchwala_Nr_983<\/a><\/li>\n<\/ul>\n<p>Legal basis<br \/>\nArt. 56 ust. 1 pkt 2 Ustawy o ofercie &#8211; informacje bie\u017c\u0105ce i okresowe<\/p>\n<p>A person representing the Company:<br \/>\nAgnieszka Gujgo, President of the Management Board<\/p>\n","protected":false},"excerpt":{"rendered":"<p>Current report 57\/2017 Zarz\u0105d Investment Friends S.A. z siedzib\u0105 w P\u0142ocku informuje, \u017ce w dniu 25.08.2017 r. Zarz\u0105d Gie\u0142dy Papier\u00f3w Warto\u015bciowych w Warszawie S.A. na wniosek Emitenta podj\u0105\u0142 uchwa\u0142\u0119 nr 983\/2017 w sprawie zawieszenia na G\u0142\u00f3wnym Rynku GPW obrotu akcjami Sp\u00f3\u0142ki, w zwi\u0105zku z procedur\u0105 scalenia akcji. Emitent informuje, \u017ce [&hellip;]<\/p>\n","protected":false},"author":1,"featured_media":0,"comment_status":"closed","ping_status":"closed","sticky":false,"template":"","format":"standard","meta":{"footnotes":""},"categories":[2],"tags":[],"class_list":["post-718","post","type-post","status-publish","format-standard","hentry","category-rb"],"_links":{"self":[{"href":"https:\/\/en.ifsa.pl\/index.php?rest_route=\/wp\/v2\/posts\/718","targetHints":{"allow":["GET"]}}],"collection":[{"href":"https:\/\/en.ifsa.pl\/index.php?rest_route=\/wp\/v2\/posts"}],"about":[{"href":"https:\/\/en.ifsa.pl\/index.php?rest_route=\/wp\/v2\/types\/post"}],"author":[{"embeddable":true,"href":"https:\/\/en.ifsa.pl\/index.php?rest_route=\/wp\/v2\/users\/1"}],"replies":[{"embeddable":true,"href":"https:\/\/en.ifsa.pl\/index.php?rest_route=%2Fwp%2Fv2%2Fcomments&post=718"}],"version-history":[{"count":1,"href":"https:\/\/en.ifsa.pl\/index.php?rest_route=\/wp\/v2\/posts\/718\/revisions"}],"predecessor-version":[{"id":720,"href":"https:\/\/en.ifsa.pl\/index.php?rest_route=\/wp\/v2\/posts\/718\/revisions\/720"}],"wp:attachment":[{"href":"https:\/\/en.ifsa.pl\/index.php?rest_route=%2Fwp%2Fv2%2Fmedia&parent=718"}],"wp:term":[{"taxonomy":"category","embeddable":true,"href":"https:\/\/en.ifsa.pl\/index.php?rest_route=%2Fwp%2Fv2%2Fcategories&post=718"},{"taxonomy":"post_tag","embeddable":true,"href":"https:\/\/en.ifsa.pl\/index.php?rest_route=%2Fwp%2Fv2%2Ftags&post=718"}],"curies":[{"name":"wp","href":"https:\/\/api.w.org\/{rel}","templated":true}]}}